{"id":746,"date":"2023-12-03T10:02:29","date_gmt":"2023-12-03T10:02:29","guid":{"rendered":"https:\/\/jornaloassobio.pt\/?p=746"},"modified":"2023-12-05T10:58:38","modified_gmt":"2023-12-05T10:58:38","slug":"deputado-da-assembleia-da-republica-na-essf","status":"publish","type":"post","link":"https:\/\/jornaloassobio.pt\/?p=746","title":{"rendered":"Deputado da Assembleia da Rep\u00fablica na ESSF"},"content":{"rendered":"<div class='booster-block booster-read-block'>\r\n                <div class=\"twp-read-time\">\r\n                \t<i class=\"booster-icon twp-clock\"><\/i> <span>Read Time:<\/span>43 Second                <\/div>\r\n\r\n            <\/div><div style=\"width: 1140px;\" class=\"wp-video\"><video class=\"wp-video-shortcode\" id=\"video-746-1\" width=\"1140\" height=\"641\" preload=\"metadata\" controls=\"controls\"><source type=\"video\/mp4\" src=\"https:\/\/jornaloassobio.pt\/wp-content\/uploads\/2023\/12\/20231204_113315.mp4?_=1\" \/><a href=\"https:\/\/jornaloassobio.pt\/wp-content\/uploads\/2023\/12\/20231204_113315.mp4\">https:\/\/jornaloassobio.pt\/wp-content\/uploads\/2023\/12\/20231204_113315.mp4<\/a><\/video><\/div>\n<p>&nbsp;<\/p>\n<p style=\"text-align: center;\"><strong>Lu\u00eds Capoulas Santos<\/strong><\/p>\n<p>No \u00e2mbito do projeto <strong>Parlamento dos Jovens,<\/strong> na pr\u00f3xima segunda-feira, 4 de dezembro, iremos contar com a presen\u00e7a de um dos deputados eleitos pelo circulo eleitoral de \u00c9vora, Dr. Capoulas Santos, no Audit\u00f3rio da Escola Severim de Faria , \u00e0s 10 horas, para um debate com os alunos.<\/p>\n<p>Este encontro est\u00e1 particularmente previsto para os alunos que participam no projeto, nomeadamente aqueles que integram as listas e\/ou comiss\u00f5es eleitorais, mas convidam-se tamb\u00e9m outras alunos \/ turmas com interesse em debater com o senhor Deputado.<\/p>\n<p style=\"text-align: left;\"><img loading=\"lazy\" decoding=\"async\" class=\"wp-image-748 alignright\" src=\"https:\/\/jornaloassobio.pt\/wp-content\/uploads\/2023\/12\/PJ-24-LCSantos-212x300.png\" alt=\"\" width=\"249\" height=\"352\" srcset=\"https:\/\/jornaloassobio.pt\/wp-content\/uploads\/2023\/12\/PJ-24-LCSantos-212x300.png 212w, https:\/\/jornaloassobio.pt\/wp-content\/uploads\/2023\/12\/PJ-24-LCSantos-724x1024.png 724w, https:\/\/jornaloassobio.pt\/wp-content\/uploads\/2023\/12\/PJ-24-LCSantos-768x1086.png 768w, https:\/\/jornaloassobio.pt\/wp-content\/uploads\/2023\/12\/PJ-24-LCSantos-1086x1536.png 1086w, https:\/\/jornaloassobio.pt\/wp-content\/uploads\/2023\/12\/PJ-24-LCSantos.png 1414w\" sizes=\"auto, (max-width: 249px) 100vw, 249px\" \/><\/p>\n<p><img loading=\"lazy\" decoding=\"async\" class=\"wp-image-747 alignleft\" src=\"https:\/\/jornaloassobio.pt\/wp-content\/uploads\/2023\/12\/Luis_Capoulas_Santos-225x300.jpeg\" alt=\"\" width=\"223\" height=\"297\" srcset=\"https:\/\/jornaloassobio.pt\/wp-content\/uploads\/2023\/12\/Luis_Capoulas_Santos-225x300.jpeg 225w, https:\/\/jornaloassobio.pt\/wp-content\/uploads\/2023\/12\/Luis_Capoulas_Santos.jpeg 288w\" sizes=\"auto, (max-width: 223px) 100vw, 223px\" \/><\/p>\n<p>&nbsp;<\/p>\n<p>&nbsp;<\/p>\n<p>&nbsp;<\/p>\n<p>&nbsp;<\/p>\n<p>&nbsp;<\/p>\n<p>Para informa\u00e7\u00e3o sobre a <strong>BIOGRAFIA <\/strong>do Deputado eleito pelo C\u00edrculo Eleitoral de \u00c9vora, Lu\u00eds Capoulas Santos, consultar:<\/p>\n<p>https:\/\/www.parlamento.pt\/DeputadoGP\/Paginas\/Biografia.aspx?BID=197<\/p>\n<p>&nbsp;<\/p>\n<p>&nbsp;<\/p>\n<p>&nbsp;<\/p>\n<p>&nbsp;<\/p>\n<p>&nbsp;<\/p>\n        <div class=\"booster-block booster-reactions-block\">\r\n            <div class=\"twp-reactions-icons\">\r\n                \r\n                <div class=\"twp-reacts-wrap\">\r\n                    <a react-data=\"be-react-1\" post-id=\"746\" class=\"be-face-icons un-reacted\" href=\"javascript:void(0)\">\r\n                        <img decoding=\"async\" src=\"https:\/\/jornaloassobio.pt\/wp-content\/plugins\/booster-extension\/\/assets\/icon\/happy.svg\" alt=\"Happy\">\r\n                    <\/a>\r\n                    <div class=\"twp-reaction-title\">\r\n                        Happy                    <\/div>\r\n                    <div class=\"twp-count-percent\">\r\n                                                    <span style=\"display: none;\" class=\"twp-react-count\">0<\/span>\r\n                        \r\n                                                <span class=\"twp-react-percent\"><span>0<\/span> %<\/span>\r\n                                            <\/div>\r\n                <\/div>\r\n\r\n                <div class=\"twp-reacts-wrap\">\r\n                    <a react-data=\"be-react-2\" post-id=\"746\" class=\"be-face-icons un-reacted\" href=\"javascript:void(0)\">\r\n                        <img decoding=\"async\" src=\"https:\/\/jornaloassobio.pt\/wp-content\/plugins\/booster-extension\/\/assets\/icon\/sad.svg\" alt=\"Sad\">\r\n                    <\/a>\r\n                    <div class=\"twp-reaction-title\">\r\n                        Sad                    <\/div>\r\n                    <div class=\"twp-count-percent\">\r\n                                                    <span style=\"display: none;\" class=\"twp-react-count\">0<\/span>\r\n                                                                        <span class=\"twp-react-percent\"><span>0<\/span> %<\/span>\r\n                                            <\/div>\r\n                <\/div>\r\n\r\n                <div class=\"twp-reacts-wrap\">\r\n                    <a react-data=\"be-react-3\" post-id=\"746\" class=\"be-face-icons un-reacted\" href=\"javascript:void(0)\">\r\n                        <img decoding=\"async\" src=\"https:\/\/jornaloassobio.pt\/wp-content\/plugins\/booster-extension\/\/assets\/icon\/excited.svg\" alt=\"Excited\">\r\n                    <\/a>\r\n                    <div class=\"twp-reaction-title\">\r\n                        Excited                    <\/div>\r\n                    <div class=\"twp-count-percent\">\r\n                                                    <span style=\"display: none;\" class=\"twp-react-count\">0<\/span>\r\n                                                                        <span class=\"twp-react-percent\"><span>0<\/span> %<\/span>\r\n                                            <\/div>\r\n                <\/div>\r\n\r\n                <div class=\"twp-reacts-wrap\">\r\n                    <a react-data=\"be-react-6\" post-id=\"746\" class=\"be-face-icons un-reacted\" href=\"javascript:void(0)\">\r\n                        <img decoding=\"async\" src=\"https:\/\/jornaloassobio.pt\/wp-content\/plugins\/booster-extension\/\/assets\/icon\/sleepy.svg\" alt=\"Sleepy\">\r\n                    <\/a>\r\n                    <div class=\"twp-reaction-title\">\r\n                        Sleepy                    <\/div>\r\n                    <div class=\"twp-count-percent\">\r\n                                                    <span style=\"display: none;\" class=\"twp-react-count\">0<\/span>\r\n                        \r\n                                                <span class=\"twp-react-percent\"><span>0<\/span> %<\/span>\r\n                                            <\/div>\r\n                <\/div>\r\n\r\n                <div class=\"twp-reacts-wrap\">\r\n                    <a react-data=\"be-react-4\" post-id=\"746\" class=\"be-face-icons un-reacted\" href=\"javascript:void(0)\">\r\n                        <img decoding=\"async\" src=\"https:\/\/jornaloassobio.pt\/wp-content\/plugins\/booster-extension\/\/assets\/icon\/angry.svg\" alt=\"Angry\">\r\n                    <\/a>\r\n                    <div class=\"twp-reaction-title\">Angry<\/div>\r\n                    <div class=\"twp-count-percent\">\r\n                                                    <span style=\"display: none;\" class=\"twp-react-count\">0<\/span>\r\n                                                                        <span class=\"twp-react-percent\"><span>0<\/span> %<\/span>\r\n                        \r\n                    <\/div>\r\n                <\/div>\r\n\r\n                <div class=\"twp-reacts-wrap\">\r\n                    <a react-data=\"be-react-5\" post-id=\"746\" class=\"be-face-icons un-reacted\" href=\"javascript:void(0)\">\r\n                        <img decoding=\"async\" src=\"https:\/\/jornaloassobio.pt\/wp-content\/plugins\/booster-extension\/\/assets\/icon\/surprise.svg\" alt=\"Surprise\">\r\n                    <\/a>\r\n                    <div class=\"twp-reaction-title\">Surprise<\/div>\r\n                    <div class=\"twp-count-percent\">\r\n                                                    <span style=\"display: none;\" class=\"twp-react-count\">0<\/span>\r\n                                                                        <span class=\"twp-react-percent\"><span>0<\/span> %<\/span>\r\n                                            <\/div>\r\n                <\/div>\r\n\r\n            <\/div>\r\n        <\/div>\r\n\r\n    ","protected":false},"excerpt":{"rendered":"<p>&nbsp; Lu\u00eds Capoulas Santos No \u00e2mbito do projeto Parlamento dos Jovens, na pr\u00f3xima segunda-feira, 4 de dezembro, iremos contar com a presen\u00e7a de um dos deputados eleitos pelo circulo eleitoral de \u00c9vora, Dr. Capoulas Santos, no Audit\u00f3rio da Escola Severim de Faria , \u00e0s 10 horas, para um debate com os alunos. Este encontro est\u00e1 [&hellip;]<\/p>\n","protected":false},"author":5,"featured_media":748,"comment_status":"open","ping_status":"open","sticky":false,"template":"","format":"standard","meta":{"footnotes":""},"categories":[6],"tags":[],"class_list":["post-746","post","type-post","status-publish","format-standard","has-post-thumbnail","hentry","category-sociedade"],"_links":{"self":[{"href":"https:\/\/jornaloassobio.pt\/index.php?rest_route=\/wp\/v2\/posts\/746","targetHints":{"allow":["GET"]}}],"collection":[{"href":"https:\/\/jornaloassobio.pt\/index.php?rest_route=\/wp\/v2\/posts"}],"about":[{"href":"https:\/\/jornaloassobio.pt\/index.php?rest_route=\/wp\/v2\/types\/post"}],"author":[{"embeddable":true,"href":"https:\/\/jornaloassobio.pt\/index.php?rest_route=\/wp\/v2\/users\/5"}],"replies":[{"embeddable":true,"href":"https:\/\/jornaloassobio.pt\/index.php?rest_route=%2Fwp%2Fv2%2Fcomments&post=746"}],"version-history":[{"count":10,"href":"https:\/\/jornaloassobio.pt\/index.php?rest_route=\/wp\/v2\/posts\/746\/revisions"}],"predecessor-version":[{"id":755,"href":"https:\/\/jornaloassobio.pt\/index.php?rest_route=\/wp\/v2\/posts\/746\/revisions\/755"}],"wp:featuredmedia":[{"embeddable":true,"href":"https:\/\/jornaloassobio.pt\/index.php?rest_route=\/wp\/v2\/media\/748"}],"wp:attachment":[{"href":"https:\/\/jornaloassobio.pt\/index.php?rest_route=%2Fwp%2Fv2%2Fmedia&parent=746"}],"wp:term":[{"taxonomy":"category","embeddable":true,"href":"https:\/\/jornaloassobio.pt\/index.php?rest_route=%2Fwp%2Fv2%2Fcategories&post=746"},{"taxonomy":"post_tag","embeddable":true,"href":"https:\/\/jornaloassobio.pt\/index.php?rest_route=%2Fwp%2Fv2%2Ftags&post=746"}],"curies":[{"name":"wp","href":"https:\/\/api.w.org\/{rel}","templated":true}]}}