{"id":766,"date":"2023-12-05T10:32:46","date_gmt":"2023-12-05T10:32:46","guid":{"rendered":"https:\/\/jornaloassobio.pt\/?p=766"},"modified":"2023-12-05T10:35:31","modified_gmt":"2023-12-05T10:35:31","slug":"fast-fashion-um-caminho-rapido-e-perigoso","status":"publish","type":"post","link":"https:\/\/jornaloassobio.pt\/?p=766","title":{"rendered":"FAST FASHION: UM CAMINHO R\u00c1PIDO E PERIGOSO"},"content":{"rendered":"<div class='booster-block booster-read-block'>\r\n                <div class=\"twp-read-time\">\r\n                \t<i class=\"booster-icon twp-clock\"><\/i> <span>Read Time:<\/span>3 Minute, 48 Second                <\/div>\r\n\r\n            <\/div><p>&nbsp;<\/p>\n<p><img loading=\"lazy\" decoding=\"async\" class=\" wp-image-769 aligncenter\" src=\"https:\/\/jornaloassobio.pt\/wp-content\/uploads\/2023\/12\/fast-fashion-300x169.png\" alt=\"\" width=\"415\" height=\"234\" srcset=\"https:\/\/jornaloassobio.pt\/wp-content\/uploads\/2023\/12\/fast-fashion-300x169.png 300w, https:\/\/jornaloassobio.pt\/wp-content\/uploads\/2023\/12\/fast-fashion-1024x576.png 1024w, https:\/\/jornaloassobio.pt\/wp-content\/uploads\/2023\/12\/fast-fashion-768x432.png 768w, https:\/\/jornaloassobio.pt\/wp-content\/uploads\/2023\/12\/fast-fashion.png 1100w\" sizes=\"auto, (max-width: 415px) 100vw, 415px\" \/><\/p>\n<p>A\u00a0 <strong><em>Fast Fashion<\/em><\/strong>\u00a0(ou moda r\u00e1pida) consiste na produ\u00e7\u00e3o mais r\u00e1pida poss\u00edvel de pe\u00e7as (roupas, cal\u00e7ado) semelhantes \u00e0s das marcas conhecidas, mesmo que a qualidade destas diminua drasticamente e que o impacto ambiental seja enorme.<\/p>\n<p>O conceito de <em><strong>Fast Fashion<\/strong><\/em>\u00a0surgiu em <strong>1990<\/strong>, com a redu\u00e7\u00e3o do pre\u00e7o da m\u00e3o de obra e da mat\u00e9ria-prima, mas o tipo de produ\u00e7\u00e3o que apresenta come\u00e7ou muito antes, ap\u00f3s a revolu\u00e7\u00e3o industrial, quando os processos de produ\u00e7\u00e3o foram facilitados pelas novas m\u00e1quinas.<\/p>\n<p>Com a expans\u00e3o da pr\u00e1tica da <strong><em>Fast Fashion<\/em><\/strong>, a ind\u00fastria da moda tornou-se a segunda mais poluente do mundo, atr\u00e1s apenas da ind\u00fastria petrol\u00edfera, pois s\u00e3o utilizadas tinturas de baixa qualidade e insol\u00faveis e produtos \u00e0 base de materiais pesados. Esta produ\u00e7\u00e3o emite uma grande quantidade de gases t\u00f3xicos (400% mais carbono do que pe\u00e7as comuns) e faz com que a quantidade de lixo mar\u00edtimo e terrestre aumente devido ao elevado descarte das roupas. Esta produ\u00e7\u00e3o abre, tamb\u00e9m, caminho para o emprego da m\u00e3o de obra prec\u00e1ria e escrava, para possibilitar os grandes investimentos necess\u00e1rios nas f\u00e1bricas, sobretudo.<img loading=\"lazy\" decoding=\"async\" class=\"size-medium wp-image-768 alignright\" src=\"https:\/\/jornaloassobio.pt\/wp-content\/uploads\/2023\/12\/producao-fast-fashion1-300x182.jpg\" alt=\"\" width=\"300\" height=\"182\" srcset=\"https:\/\/jornaloassobio.pt\/wp-content\/uploads\/2023\/12\/producao-fast-fashion1-300x182.jpg 300w, https:\/\/jornaloassobio.pt\/wp-content\/uploads\/2023\/12\/producao-fast-fashion1-768x465.jpg 768w, https:\/\/jornaloassobio.pt\/wp-content\/uploads\/2023\/12\/producao-fast-fashion1.jpg 800w\" sizes=\"auto, (max-width: 300px) 100vw, 300px\" \/><\/p>\n<p>Nesta \u201cmoda r\u00e1pida\u201d, as pe\u00e7as s\u00e3o produzidas em grande quantidade, o que origina, muitas vezes, excesso de <em>stock<\/em>, e s\u00e3o vendidas a pre\u00e7os mais baixos, o que afeta diretamente a mentalidade do consumidor. Com a <strong><em>Fast Fashion<\/em><\/strong>, o consumo aumenta cada vez mais e as roupas, que antes eram algo precioso, agora s\u00e3o algo descart\u00e1vel usado num curto per\u00edodo de tempo j\u00e1 que as ten\u00eancias mudam constantemente. A Deco Proteste afirma que \u201ca roupa que usamos e descartamos representa uma pegada ecol\u00f3gica de 654 kg por cada cidad\u00e3o da Europa.\u201d<\/p>\n<p>Depois de tudo isto, pode parecer imposs\u00edvel encontrar um tipo de produ\u00e7\u00e3o de roupas sustent\u00e1vel, mas, para al\u00e9m de poss\u00edvel, \u00e9 extremamente necess\u00e1rio para o bem do nosso planeta e para a continua\u00e7\u00e3o da ind\u00fastria da moda.<\/p>\n<p>A <strong>Slow Fashion<\/strong>, por exemplo, \u00e9 um conceito importante dentro da <strong>Moda Sustent\u00e1vel<\/strong>. Esta produ\u00e7\u00e3o utiliza materiais recicl\u00e1veis e org\u00e2nicos e procura valorizar cada etapa do processo de cria\u00e7\u00e3o, oferecendo, assim, produtos com mais qualidade atrav\u00e9s de uma produ\u00e7\u00e3o ecologicamente correta.<img loading=\"lazy\" decoding=\"async\" class=\"size-medium wp-image-767 alignleft\" src=\"https:\/\/jornaloassobio.pt\/wp-content\/uploads\/2023\/12\/moda-sustentavel-300x190.png\" alt=\"\" width=\"300\" height=\"190\" srcset=\"https:\/\/jornaloassobio.pt\/wp-content\/uploads\/2023\/12\/moda-sustentavel-300x190.png 300w, https:\/\/jornaloassobio.pt\/wp-content\/uploads\/2023\/12\/moda-sustentavel-1024x649.png 1024w, https:\/\/jornaloassobio.pt\/wp-content\/uploads\/2023\/12\/moda-sustentavel-768x486.png 768w, https:\/\/jornaloassobio.pt\/wp-content\/uploads\/2023\/12\/moda-sustentavel.png 1500w\" sizes=\"auto, (max-width: 300px) 100vw, 300px\" \/><\/p>\n<p>O uso de materiais sustent\u00e1veis \u00e9 a principal estrat\u00e9gia para a diminui\u00e7\u00e3o do impacto ambiental da ind\u00fastria da moda. Materiais como o <strong>algod\u00e3o org\u00e2nico<\/strong> (cultivado sem qualquer qu\u00edmica), o <strong>bambu<\/strong> (reproduz-se em abund\u00e2ncia, cresce rapidamente e \u00e9 biodegrad\u00e1vel), a <strong>juta<\/strong> (id\u00eantica ao linho e o seu plantio n\u00e3o requer qualquer tipo de\u00a0agrot\u00f3xicos) e o <strong>tencel<\/strong> \u2013 usado nos <em>eco -jeans<\/em>, que substituem o <em>jeans<\/em> normal, um dos tecidos mais poluentes, que consome at\u00e9 3,5 mil litros de \u00e1gua da produ\u00e7\u00e3o ao descarte.<\/p>\n<p>Algumas outras pr\u00e1ticas associadas \u00e0 Moda sustent\u00e1vel s\u00e3o, por exemplo, a utiliza\u00e7\u00e3o de corantes de origem natural, a utiliza\u00e7\u00e3o de colas menos t\u00f3xicas e, principalmente, a economia de \u00e1gua. Para produzir uma camisa de algod\u00e3o, s\u00e3o necess\u00e1rias cerca de 2700l de \u00e1gua, o suficiente para algu\u00e9m se manter hidratado por dois anos e meio.<\/p>\n<p>A quantidade de \u00e1gua necess\u00e1ria para produzir cada unidade \u00e9 um dos tr\u00eas fatores levados em considera\u00e7\u00e3o para avaliar uma cadeia de produ\u00e7\u00e3o de roupas, bem como a pegada de carbono de cada pe\u00e7a e a quantidade de agrot\u00f3xicos utilizados no plantio.<\/p>\n<p><strong>Em Portugal<\/strong>, temos v\u00e1rios exemplos de <strong>marcas sustent\u00e1veis e ecol\u00f3gicas:<\/strong>\u00a0 \u00a0 <strong>\u00a0<\/strong><\/p>\n<ul>\n<li>a <strong>RSM Slow Living<\/strong>, que produz pe\u00e7as limitadas, evitando o excesso de stock;<\/li>\n<li>a <strong>Buzine<\/strong>, que produz apenas 20 pe\u00e7as por cole\u00e7\u00e3o;<\/li>\n<li>a<strong> Zouri,<\/strong> que usa os pl\u00e1sticos da costa portuguesa para produzir cal\u00e7ado e a\u00a0 que, para al\u00e9m de produzir t-shirts 100% de algod\u00e3o org\u00e2nico, tamb\u00e9m tem ilustra\u00e7\u00f5es de artistas convidados, dando a conhecer novos talentos e aumentando as vendas;<\/li>\n<li>a <strong>N\u00e4z<\/strong>, com um <em>design<\/em> minimalista, inspirado para desenvolver produtos reciclados, sem gerar impacto ambiental;<\/li>\n<\/ul>\n<p>A ind\u00fastria da moda pode ser bastante perigosa, como se pode observar na produ\u00e7\u00e3o <strong><em>Fast Fashion<\/em><\/strong>, mas, se seguirmos uma pol\u00edtica ecologicamente correta durante a produ\u00e7\u00e3o, \u00e9 poss\u00edvel encontrar uma produ\u00e7\u00e3o sustent\u00e1vel. \u00c9 claro que h\u00e1 um longo caminho a percorrer, a come\u00e7ar na mudan\u00e7a de mentalidades, pois acredito que o primeiro passo ser\u00e1 sempre o do consumidor, ao diminuir a compra de roupas, sobretudo de pe\u00e7as de marcas <em><strong>Fast Fashion<\/strong>.<\/em><\/p>\n<p>&nbsp;<\/p>\n<p>Refer\u00eancias<\/p>\n<p>https:\/\/www.digitaletextil.com.br\/blog\/o-que-e-fast-fashion https:\/\/pt.wikipedia.org\/wiki\/Fast_fashion https:\/\/www.ecycle.com.br\/fast-fashion https:\/\/exame.com\/negocios\/fast-fashion-moda-ameacar-meio-ambiente https:\/\/pt.wikipedia.org\/wiki\/moda_sustentavel https:\/\/www.ecycle.com.br\/moda-sustentavel https:\/\/www.endesa.pt\/particulares\/news-endesa\/sustentabilidade\/slow-fashion-solucao-futuro https:\/\/ecox.pt\/2021\/01\/slow-fashion<\/p>\n<p>&nbsp;<\/p>\n<p><strong>In\u00eas Amaral Rebocho<\/strong><\/p>\n        <div class=\"booster-block booster-reactions-block\">\r\n            <div class=\"twp-reactions-icons\">\r\n                \r\n                <div class=\"twp-reacts-wrap\">\r\n                    <a react-data=\"be-react-1\" post-id=\"766\" class=\"be-face-icons un-reacted\" href=\"javascript:void(0)\">\r\n                        <img decoding=\"async\" src=\"https:\/\/jornaloassobio.pt\/wp-content\/plugins\/booster-extension\/\/assets\/icon\/happy.svg\" alt=\"Happy\">\r\n                    <\/a>\r\n                    <div class=\"twp-reaction-title\">\r\n                        Happy                    <\/div>\r\n                    <div class=\"twp-count-percent\">\r\n                                                    <span style=\"display: none;\" class=\"twp-react-count\">0<\/span>\r\n                        \r\n                                                <span class=\"twp-react-percent\"><span>0<\/span> %<\/span>\r\n                                            <\/div>\r\n                <\/div>\r\n\r\n                <div class=\"twp-reacts-wrap\">\r\n                    <a react-data=\"be-react-2\" post-id=\"766\" class=\"be-face-icons un-reacted\" href=\"javascript:void(0)\">\r\n                        <img decoding=\"async\" src=\"https:\/\/jornaloassobio.pt\/wp-content\/plugins\/booster-extension\/\/assets\/icon\/sad.svg\" alt=\"Sad\">\r\n                    <\/a>\r\n                    <div class=\"twp-reaction-title\">\r\n                        Sad                    <\/div>\r\n                    <div class=\"twp-count-percent\">\r\n                                                    <span style=\"display: none;\" class=\"twp-react-count\">0<\/span>\r\n                                                                        <span class=\"twp-react-percent\"><span>0<\/span> %<\/span>\r\n                                            <\/div>\r\n                <\/div>\r\n\r\n                <div class=\"twp-reacts-wrap\">\r\n                    <a react-data=\"be-react-3\" post-id=\"766\" class=\"be-face-icons un-reacted\" href=\"javascript:void(0)\">\r\n                        <img decoding=\"async\" src=\"https:\/\/jornaloassobio.pt\/wp-content\/plugins\/booster-extension\/\/assets\/icon\/excited.svg\" alt=\"Excited\">\r\n                    <\/a>\r\n                    <div class=\"twp-reaction-title\">\r\n                        Excited                    <\/div>\r\n                    <div class=\"twp-count-percent\">\r\n                                                    <span style=\"display: none;\" class=\"twp-react-count\">1<\/span>\r\n                                                                        <span class=\"twp-react-percent\"><span>100<\/span> %<\/span>\r\n                                            <\/div>\r\n                <\/div>\r\n\r\n                <div class=\"twp-reacts-wrap\">\r\n                    <a react-data=\"be-react-6\" post-id=\"766\" class=\"be-face-icons un-reacted\" href=\"javascript:void(0)\">\r\n                        <img decoding=\"async\" src=\"https:\/\/jornaloassobio.pt\/wp-content\/plugins\/booster-extension\/\/assets\/icon\/sleepy.svg\" alt=\"Sleepy\">\r\n                    <\/a>\r\n                    <div class=\"twp-reaction-title\">\r\n                        Sleepy                    <\/div>\r\n                    <div class=\"twp-count-percent\">\r\n                                                    <span style=\"display: none;\" class=\"twp-react-count\">0<\/span>\r\n                        \r\n                                                <span class=\"twp-react-percent\"><span>0<\/span> %<\/span>\r\n                                            <\/div>\r\n                <\/div>\r\n\r\n                <div class=\"twp-reacts-wrap\">\r\n                    <a react-data=\"be-react-4\" post-id=\"766\" class=\"be-face-icons un-reacted\" href=\"javascript:void(0)\">\r\n                        <img decoding=\"async\" src=\"https:\/\/jornaloassobio.pt\/wp-content\/plugins\/booster-extension\/\/assets\/icon\/angry.svg\" alt=\"Angry\">\r\n                    <\/a>\r\n                    <div class=\"twp-reaction-title\">Angry<\/div>\r\n                    <div class=\"twp-count-percent\">\r\n                                                    <span style=\"display: none;\" class=\"twp-react-count\">0<\/span>\r\n                                                                        <span class=\"twp-react-percent\"><span>0<\/span> %<\/span>\r\n                        \r\n                    <\/div>\r\n                <\/div>\r\n\r\n                <div class=\"twp-reacts-wrap\">\r\n                    <a react-data=\"be-react-5\" post-id=\"766\" class=\"be-face-icons un-reacted\" href=\"javascript:void(0)\">\r\n                        <img decoding=\"async\" src=\"https:\/\/jornaloassobio.pt\/wp-content\/plugins\/booster-extension\/\/assets\/icon\/surprise.svg\" alt=\"Surprise\">\r\n                    <\/a>\r\n                    <div class=\"twp-reaction-title\">Surprise<\/div>\r\n                    <div class=\"twp-count-percent\">\r\n                                                    <span style=\"display: none;\" class=\"twp-react-count\">0<\/span>\r\n                                                                        <span class=\"twp-react-percent\"><span>0<\/span> %<\/span>\r\n                                            <\/div>\r\n                <\/div>\r\n\r\n            <\/div>\r\n        <\/div>\r\n\r\n    ","protected":false},"excerpt":{"rendered":"<p>&nbsp; A\u00a0 Fast Fashion\u00a0(ou moda r\u00e1pida) consiste na produ\u00e7\u00e3o mais r\u00e1pida poss\u00edvel de pe\u00e7as (roupas, cal\u00e7ado) semelhantes \u00e0s das marcas conhecidas, mesmo que a qualidade destas diminua drasticamente e que o impacto ambiental seja enorme. O conceito de Fast Fashion\u00a0surgiu em 1990, com a redu\u00e7\u00e3o do pre\u00e7o da m\u00e3o de obra e da mat\u00e9ria-prima, mas [&hellip;]<\/p>\n","protected":false},"author":6,"featured_media":769,"comment_status":"open","ping_status":"open","sticky":false,"template":"","format":"standard","meta":{"footnotes":""},"categories":[4],"tags":[],"class_list":["post-766","post","type-post","status-publish","format-standard","has-post-thumbnail","hentry","category-noticias"],"_links":{"self":[{"href":"https:\/\/jornaloassobio.pt\/index.php?rest_route=\/wp\/v2\/posts\/766","targetHints":{"allow":["GET"]}}],"collection":[{"href":"https:\/\/jornaloassobio.pt\/index.php?rest_route=\/wp\/v2\/posts"}],"about":[{"href":"https:\/\/jornaloassobio.pt\/index.php?rest_route=\/wp\/v2\/types\/post"}],"author":[{"embeddable":true,"href":"https:\/\/jornaloassobio.pt\/index.php?rest_route=\/wp\/v2\/users\/6"}],"replies":[{"embeddable":true,"href":"https:\/\/jornaloassobio.pt\/index.php?rest_route=%2Fwp%2Fv2%2Fcomments&post=766"}],"version-history":[{"count":3,"href":"https:\/\/jornaloassobio.pt\/index.php?rest_route=\/wp\/v2\/posts\/766\/revisions"}],"predecessor-version":[{"id":772,"href":"https:\/\/jornaloassobio.pt\/index.php?rest_route=\/wp\/v2\/posts\/766\/revisions\/772"}],"wp:featuredmedia":[{"embeddable":true,"href":"https:\/\/jornaloassobio.pt\/index.php?rest_route=\/wp\/v2\/media\/769"}],"wp:attachment":[{"href":"https:\/\/jornaloassobio.pt\/index.php?rest_route=%2Fwp%2Fv2%2Fmedia&parent=766"}],"wp:term":[{"taxonomy":"category","embeddable":true,"href":"https:\/\/jornaloassobio.pt\/index.php?rest_route=%2Fwp%2Fv2%2Fcategories&post=766"},{"taxonomy":"post_tag","embeddable":true,"href":"https:\/\/jornaloassobio.pt\/index.php?rest_route=%2Fwp%2Fv2%2Ftags&post=766"}],"curies":[{"name":"wp","href":"https:\/\/api.w.org\/{rel}","templated":true}]}}