{"id":77,"date":"2023-01-26T16:24:13","date_gmt":"2023-01-26T16:24:13","guid":{"rendered":"https:\/\/jornaloassobio.pt\/?p=77"},"modified":"2023-01-26T17:23:09","modified_gmt":"2023-01-26T17:23:09","slug":"alunos-elegem-deputados-para-o-parlamento-dos-jovens","status":"publish","type":"post","link":"https:\/\/jornaloassobio.pt\/?p=77","title":{"rendered":"Alunos elegem deputados para o Parlamento dos Jovens"},"content":{"rendered":"<div class='booster-block booster-read-block'>\r\n                <div class=\"twp-read-time\">\r\n                \t<i class=\"booster-icon twp-clock\"><\/i> <span>Read Time:<\/span>1 Minute, 16 Second                <\/div>\r\n\r\n            <\/div><p>Educa\u00e7\u00e3o Mental \u00e9 o tema deste ano letivo 2022\/23<\/p>\n<p>&nbsp;<\/p>\n<p><span data-contrast=\"auto\">A Escola Secund\u00e1ria Severim de Faria, em \u00c9vora, encontra-se a participar no projeto Parlamento do Jovens. No passado dia 19 de janeiro realizam-se as elei\u00e7\u00f5es escolares, um processo onde todos os alunos puderam participar exercendo o direito de voto, uma a\u00e7\u00e3o fundamental em democracia.\u00a0<\/span><span data-ccp-props=\"{}\">\u00a0<\/span><\/p>\n<p><span data-contrast=\"auto\">O presidente da mesa de voto do ensino b\u00e1sico, Tiago Correia deu a conhecer que a ades\u00e3o dos alunos foi bastante positiva.\u00a0<\/span><span data-ccp-props=\"{}\">\u00a0<\/span><\/p>\n<p><span data-contrast=\"auto\">O aluno Vicente de Carvalho, do 8\u00baC, ressaltou a import\u00e2ncia de discutir sobre a sa\u00fade mental nas escolas:<\/span><span data-ccp-props=\"{}\">\u00a0<\/span><\/p>\n<p><span data-contrast=\"auto\">\u201c<\/span><i><span data-contrast=\"auto\">N\u00f3s temos que mostrar que somos capazes de resolver nossos problemas e mostrar que h\u00e1 v\u00e1rias pessoas que precisam de ajuda.\u201d<\/span><\/i><span data-ccp-props=\"{}\">\u00a0<\/span><\/p>\n<p><span data-contrast=\"auto\">A professora Teresa Cravo conta que os alunos se mostraram muito interessados e que o processo ocorreu de maneira muito organizada e participativa.\u00a0<\/span><span data-ccp-props=\"{}\">\u00a0<\/span><\/p>\n<p><span data-contrast=\"auto\">Os resultados apurados da mesa de voto do ensino b\u00e1sico corresponderam ao n\u00famero e eleitores inscritos de 349 alunos, com 281 alunos votantes. A percentagem de votos brancos e nulos \u00e9 inferior a 1%.\u00a0 Os resultados das urnas de acordo com as listas foram as seguintes:<\/span><span data-ccp-props=\"{}\">\u00a0<\/span><\/p>\n<p><span data-contrast=\"auto\">Lista A elegeu 4 deputados;<\/span><span data-ccp-props=\"{}\">\u00a0<\/span><\/p>\n<p><span data-contrast=\"auto\">Lista B elegeu 6 deputados;<\/span><span data-ccp-props=\"{}\">\u00a0<\/span><\/p>\n<p><span data-contrast=\"auto\">Lista C elegeu 10 deputados;<\/span><span data-ccp-props=\"{}\">\u00a0<\/span><\/p>\n<p><span data-contrast=\"auto\">Lista D elegeu 8 deputados;<\/span><span data-ccp-props=\"{}\">\u00a0<\/span><\/p>\n<p><span data-contrast=\"auto\">Lista E elegeu 4 deputados.\u00a0<\/span><span data-ccp-props=\"{}\">\u00a0<\/span><\/p>\n<p><span data-ccp-props=\"{}\">\u00a0<\/span><\/p>\n<p><span data-contrast=\"auto\">Relativamente aos alunos do secund\u00e1rio, de 459 alunos, votaram 226. O n\u00famero de votos brancos e nulos \u00e9 inferior a 1%. A lista A elegeu quatro deputados e a lista C elegeu sete deputados.\u00a0\u00a0<\/span><span data-ccp-props=\"{}\">\u00a0<\/span><\/p>\n<p><img loading=\"lazy\" decoding=\"async\" class=\"alignnone size-medium wp-image-80\" src=\"https:\/\/jornaloassobio.pt\/wp-content\/uploads\/2023\/01\/parlam-02-300x200.jpeg\" alt=\"\" width=\"300\" height=\"200\" srcset=\"https:\/\/jornaloassobio.pt\/wp-content\/uploads\/2023\/01\/parlam-02-300x200.jpeg 300w, https:\/\/jornaloassobio.pt\/wp-content\/uploads\/2023\/01\/parlam-02-1024x683.jpeg 1024w, https:\/\/jornaloassobio.pt\/wp-content\/uploads\/2023\/01\/parlam-02-768x512.jpeg 768w, https:\/\/jornaloassobio.pt\/wp-content\/uploads\/2023\/01\/parlam-02-1536x1024.jpeg 1536w, https:\/\/jornaloassobio.pt\/wp-content\/uploads\/2023\/01\/parlam-02-2048x1365.jpeg 2048w\" sizes=\"auto, (max-width: 300px) 100vw, 300px\" \/> <img loading=\"lazy\" decoding=\"async\" class=\"alignnone size-medium wp-image-81\" src=\"https:\/\/jornaloassobio.pt\/wp-content\/uploads\/2023\/01\/parlam-03-300x200.jpeg\" alt=\"\" width=\"300\" height=\"200\" srcset=\"https:\/\/jornaloassobio.pt\/wp-content\/uploads\/2023\/01\/parlam-03-300x200.jpeg 300w, https:\/\/jornaloassobio.pt\/wp-content\/uploads\/2023\/01\/parlam-03-1024x683.jpeg 1024w, https:\/\/jornaloassobio.pt\/wp-content\/uploads\/2023\/01\/parlam-03-768x512.jpeg 768w, https:\/\/jornaloassobio.pt\/wp-content\/uploads\/2023\/01\/parlam-03-1536x1024.jpeg 1536w, https:\/\/jornaloassobio.pt\/wp-content\/uploads\/2023\/01\/parlam-03-2048x1365.jpeg 2048w\" sizes=\"auto, (max-width: 300px) 100vw, 300px\" \/> <img loading=\"lazy\" decoding=\"async\" class=\"alignnone size-medium wp-image-82\" src=\"https:\/\/jornaloassobio.pt\/wp-content\/uploads\/2023\/01\/parlam-04-300x200.jpeg\" alt=\"\" width=\"300\" height=\"200\" srcset=\"https:\/\/jornaloassobio.pt\/wp-content\/uploads\/2023\/01\/parlam-04-300x200.jpeg 300w, https:\/\/jornaloassobio.pt\/wp-content\/uploads\/2023\/01\/parlam-04-1024x683.jpeg 1024w, https:\/\/jornaloassobio.pt\/wp-content\/uploads\/2023\/01\/parlam-04-768x512.jpeg 768w, https:\/\/jornaloassobio.pt\/wp-content\/uploads\/2023\/01\/parlam-04-1536x1024.jpeg 1536w, https:\/\/jornaloassobio.pt\/wp-content\/uploads\/2023\/01\/parlam-04-2048x1365.jpeg 2048w\" sizes=\"auto, (max-width: 300px) 100vw, 300px\" \/><\/p>\n<p><iframe loading=\"lazy\" title=\"Elei\u00e7\u00f5es Parlamento Jovem\" width=\"1140\" height=\"641\" src=\"https:\/\/www.youtube.com\/embed\/li6cTYJyepo?feature=oembed\" frameborder=\"0\" allow=\"accelerometer; autoplay; clipboard-write; encrypted-media; gyroscope; picture-in-picture; web-share\" allowfullscreen><\/iframe><\/p>\n        <div class=\"booster-block booster-reactions-block\">\r\n            <div class=\"twp-reactions-icons\">\r\n                \r\n                <div class=\"twp-reacts-wrap\">\r\n                    <a react-data=\"be-react-1\" post-id=\"77\" class=\"be-face-icons un-reacted\" href=\"javascript:void(0)\">\r\n                        <img decoding=\"async\" src=\"https:\/\/jornaloassobio.pt\/wp-content\/plugins\/booster-extension\/\/assets\/icon\/happy.svg\" alt=\"Happy\">\r\n                    <\/a>\r\n                    <div class=\"twp-reaction-title\">\r\n                        Happy                    <\/div>\r\n                    <div class=\"twp-count-percent\">\r\n                                                    <span style=\"display: none;\" class=\"twp-react-count\">0<\/span>\r\n                        \r\n                                                <span class=\"twp-react-percent\"><span>0<\/span> %<\/span>\r\n                                            <\/div>\r\n                <\/div>\r\n\r\n                <div class=\"twp-reacts-wrap\">\r\n                    <a react-data=\"be-react-2\" post-id=\"77\" class=\"be-face-icons un-reacted\" href=\"javascript:void(0)\">\r\n                        <img decoding=\"async\" src=\"https:\/\/jornaloassobio.pt\/wp-content\/plugins\/booster-extension\/\/assets\/icon\/sad.svg\" alt=\"Sad\">\r\n                    <\/a>\r\n                    <div class=\"twp-reaction-title\">\r\n                        Sad                    <\/div>\r\n                    <div class=\"twp-count-percent\">\r\n                                                    <span style=\"display: none;\" class=\"twp-react-count\">0<\/span>\r\n                                                                        <span class=\"twp-react-percent\"><span>0<\/span> %<\/span>\r\n                                            <\/div>\r\n                <\/div>\r\n\r\n                <div class=\"twp-reacts-wrap\">\r\n                    <a react-data=\"be-react-3\" post-id=\"77\" class=\"be-face-icons un-reacted\" href=\"javascript:void(0)\">\r\n                        <img decoding=\"async\" src=\"https:\/\/jornaloassobio.pt\/wp-content\/plugins\/booster-extension\/\/assets\/icon\/excited.svg\" alt=\"Excited\">\r\n                    <\/a>\r\n                    <div class=\"twp-reaction-title\">\r\n                        Excited                    <\/div>\r\n                    <div class=\"twp-count-percent\">\r\n                                                    <span style=\"display: none;\" class=\"twp-react-count\">0<\/span>\r\n                                                                        <span class=\"twp-react-percent\"><span>0<\/span> %<\/span>\r\n                                            <\/div>\r\n                <\/div>\r\n\r\n                <div class=\"twp-reacts-wrap\">\r\n                    <a react-data=\"be-react-6\" post-id=\"77\" class=\"be-face-icons un-reacted\" href=\"javascript:void(0)\">\r\n                        <img decoding=\"async\" src=\"https:\/\/jornaloassobio.pt\/wp-content\/plugins\/booster-extension\/\/assets\/icon\/sleepy.svg\" alt=\"Sleepy\">\r\n                    <\/a>\r\n                    <div class=\"twp-reaction-title\">\r\n                        Sleepy                    <\/div>\r\n                    <div class=\"twp-count-percent\">\r\n                                                    <span style=\"display: none;\" class=\"twp-react-count\">0<\/span>\r\n                        \r\n                                                <span class=\"twp-react-percent\"><span>0<\/span> %<\/span>\r\n                                            <\/div>\r\n                <\/div>\r\n\r\n                <div class=\"twp-reacts-wrap\">\r\n                    <a react-data=\"be-react-4\" post-id=\"77\" class=\"be-face-icons un-reacted\" href=\"javascript:void(0)\">\r\n                        <img decoding=\"async\" src=\"https:\/\/jornaloassobio.pt\/wp-content\/plugins\/booster-extension\/\/assets\/icon\/angry.svg\" alt=\"Angry\">\r\n                    <\/a>\r\n                    <div class=\"twp-reaction-title\">Angry<\/div>\r\n                    <div class=\"twp-count-percent\">\r\n                                                    <span style=\"display: none;\" class=\"twp-react-count\">0<\/span>\r\n                                                                        <span class=\"twp-react-percent\"><span>0<\/span> %<\/span>\r\n                        \r\n                    <\/div>\r\n                <\/div>\r\n\r\n                <div class=\"twp-reacts-wrap\">\r\n                    <a react-data=\"be-react-5\" post-id=\"77\" class=\"be-face-icons un-reacted\" href=\"javascript:void(0)\">\r\n                        <img decoding=\"async\" src=\"https:\/\/jornaloassobio.pt\/wp-content\/plugins\/booster-extension\/\/assets\/icon\/surprise.svg\" alt=\"Surprise\">\r\n                    <\/a>\r\n                    <div class=\"twp-reaction-title\">Surprise<\/div>\r\n                    <div class=\"twp-count-percent\">\r\n                                                    <span style=\"display: none;\" class=\"twp-react-count\">0<\/span>\r\n                                                                        <span class=\"twp-react-percent\"><span>0<\/span> %<\/span>\r\n                                            <\/div>\r\n                <\/div>\r\n\r\n            <\/div>\r\n        <\/div>\r\n\r\n    <div class=\"powerpress_player\" id=\"powerpress_player_3172\"><a href=\"https:\/\/www.youtube.com\/watch?v=li6cTYJyepo\" title=\"Play\" target=\"_blank\" style=\"position: relative;\"><img decoding=\"async\" src=\"https:\/\/jornaloassobio.pt\/wp-content\/plugins\/powerpress\/black.png\" title=\"Play\" alt=\"Play\" style=\"width: 400px; height: 225px;\" \/><img decoding=\"async\" src=\"https:\/\/jornaloassobio.pt\/wp-content\/plugins\/powerpress\/play_video.png\" title=\"Play\" alt=\"Play\" style=\"position: absolute; bottom:82px; left:170px; border:0;\" \/><\/a><\/div>\n<p class=\"powerpress_links powerpress_links_unknown\">Podcast: <a href=\"https:\/\/www.youtube.com\/watch?v=li6cTYJyepo\" class=\"powerpress_link_pinw\" target=\"_blank\" title=\"Play in new window\" onclick=\"return powerpress_pinw('https:\/\/jornaloassobio.pt\/?powerpress_pinw=77-podcast');\" rel=\"nofollow\">Play in new window<\/a><\/p>","protected":false},"excerpt":{"rendered":"<p>Educa\u00e7\u00e3o Mental \u00e9 o tema deste ano letivo 2022\/23 &nbsp; A Escola Secund\u00e1ria Severim de Faria, em \u00c9vora, encontra-se a participar no projeto Parlamento do Jovens. No passado dia 19 de janeiro realizam-se as elei\u00e7\u00f5es escolares, um processo onde todos os alunos puderam participar exercendo o direito de voto, uma a\u00e7\u00e3o fundamental em democracia.\u00a0\u00a0 O [&hellip;]<\/p>\n","protected":false},"author":2,"featured_media":79,"comment_status":"open","ping_status":"open","sticky":false,"template":"","format":"standard","meta":{"footnotes":""},"categories":[4,6],"tags":[21,20],"class_list":["post-77","post","type-post","status-publish","format-standard","has-post-thumbnail","hentry","category-noticias","category-sociedade","tag-eleicoesescolares","tag-parlamentodosjovens"],"_links":{"self":[{"href":"https:\/\/jornaloassobio.pt\/index.php?rest_route=\/wp\/v2\/posts\/77","targetHints":{"allow":["GET"]}}],"collection":[{"href":"https:\/\/jornaloassobio.pt\/index.php?rest_route=\/wp\/v2\/posts"}],"about":[{"href":"https:\/\/jornaloassobio.pt\/index.php?rest_route=\/wp\/v2\/types\/post"}],"author":[{"embeddable":true,"href":"https:\/\/jornaloassobio.pt\/index.php?rest_route=\/wp\/v2\/users\/2"}],"replies":[{"embeddable":true,"href":"https:\/\/jornaloassobio.pt\/index.php?rest_route=%2Fwp%2Fv2%2Fcomments&post=77"}],"version-history":[{"count":5,"href":"https:\/\/jornaloassobio.pt\/index.php?rest_route=\/wp\/v2\/posts\/77\/revisions"}],"predecessor-version":[{"id":88,"href":"https:\/\/jornaloassobio.pt\/index.php?rest_route=\/wp\/v2\/posts\/77\/revisions\/88"}],"wp:featuredmedia":[{"embeddable":true,"href":"https:\/\/jornaloassobio.pt\/index.php?rest_route=\/wp\/v2\/media\/79"}],"wp:attachment":[{"href":"https:\/\/jornaloassobio.pt\/index.php?rest_route=%2Fwp%2Fv2%2Fmedia&parent=77"}],"wp:term":[{"taxonomy":"category","embeddable":true,"href":"https:\/\/jornaloassobio.pt\/index.php?rest_route=%2Fwp%2Fv2%2Fcategories&post=77"},{"taxonomy":"post_tag","embeddable":true,"href":"https:\/\/jornaloassobio.pt\/index.php?rest_route=%2Fwp%2Fv2%2Ftags&post=77"}],"curies":[{"name":"wp","href":"https:\/\/api.w.org\/{rel}","templated":true}]}}