{"id":795,"date":"2023-12-14T14:14:19","date_gmt":"2023-12-14T14:14:19","guid":{"rendered":"https:\/\/jornaloassobio.pt\/?p=795"},"modified":"2023-12-14T15:11:58","modified_gmt":"2023-12-14T15:11:58","slug":"hoje-sim","status":"publish","type":"post","link":"https:\/\/jornaloassobio.pt\/?p=795","title":{"rendered":"HOJE, N\u00c3O!"},"content":{"rendered":"<div class='booster-block booster-read-block'>\r\n                <div class=\"twp-read-time\">\r\n                \t<i class=\"booster-icon twp-clock\"><\/i> <span>Read Time:<\/span>37 Second                <\/div>\r\n\r\n            <\/div><p><img loading=\"lazy\" decoding=\"async\" class=\"alignnone size-medium wp-image-835\" src=\"https:\/\/jornaloassobio.pt\/wp-content\/uploads\/2023\/12\/IMG_20231206_110257-300x225.jpg\" alt=\"\" width=\"300\" height=\"225\" srcset=\"https:\/\/jornaloassobio.pt\/wp-content\/uploads\/2023\/12\/IMG_20231206_110257-300x225.jpg 300w, https:\/\/jornaloassobio.pt\/wp-content\/uploads\/2023\/12\/IMG_20231206_110257-1024x768.jpg 1024w, https:\/\/jornaloassobio.pt\/wp-content\/uploads\/2023\/12\/IMG_20231206_110257-768x576.jpg 768w, https:\/\/jornaloassobio.pt\/wp-content\/uploads\/2023\/12\/IMG_20231206_110257-1536x1152.jpg 1536w, https:\/\/jornaloassobio.pt\/wp-content\/uploads\/2023\/12\/IMG_20231206_110257-2048x1536.jpg 2048w\" sizes=\"auto, (max-width: 300px) 100vw, 300px\" \/><img loading=\"lazy\" decoding=\"async\" class=\"alignnone size-medium wp-image-796\" src=\"https:\/\/jornaloassobio.pt\/wp-content\/uploads\/2023\/12\/20231207_101454-300x225.jpg\" alt=\"\" width=\"300\" height=\"225\" srcset=\"https:\/\/jornaloassobio.pt\/wp-content\/uploads\/2023\/12\/20231207_101454-300x225.jpg 300w, https:\/\/jornaloassobio.pt\/wp-content\/uploads\/2023\/12\/20231207_101454-1024x768.jpg 1024w, https:\/\/jornaloassobio.pt\/wp-content\/uploads\/2023\/12\/20231207_101454-768x576.jpg 768w, https:\/\/jornaloassobio.pt\/wp-content\/uploads\/2023\/12\/20231207_101454-1536x1152.jpg 1536w, https:\/\/jornaloassobio.pt\/wp-content\/uploads\/2023\/12\/20231207_101454-2048x1536.jpg 2048w\" sizes=\"auto, (max-width: 300px) 100vw, 300px\" \/> <img loading=\"lazy\" decoding=\"async\" class=\"alignnone size-medium wp-image-797\" src=\"https:\/\/jornaloassobio.pt\/wp-content\/uploads\/2023\/12\/20231207_103648-300x225.jpg\" alt=\"\" width=\"300\" height=\"225\" srcset=\"https:\/\/jornaloassobio.pt\/wp-content\/uploads\/2023\/12\/20231207_103648-300x225.jpg 300w, https:\/\/jornaloassobio.pt\/wp-content\/uploads\/2023\/12\/20231207_103648-1024x768.jpg 1024w, https:\/\/jornaloassobio.pt\/wp-content\/uploads\/2023\/12\/20231207_103648-768x576.jpg 768w, https:\/\/jornaloassobio.pt\/wp-content\/uploads\/2023\/12\/20231207_103648-1536x1152.jpg 1536w, https:\/\/jornaloassobio.pt\/wp-content\/uploads\/2023\/12\/20231207_103648-2048x1536.jpg 2048w\" sizes=\"auto, (max-width: 300px) 100vw, 300px\" \/>\u00a0<img loading=\"lazy\" decoding=\"async\" class=\"alignnone size-medium wp-image-798\" src=\"https:\/\/jornaloassobio.pt\/wp-content\/uploads\/2023\/12\/20231207_104451-300x225.jpg\" alt=\"\" width=\"300\" height=\"225\" srcset=\"https:\/\/jornaloassobio.pt\/wp-content\/uploads\/2023\/12\/20231207_104451-300x225.jpg 300w, https:\/\/jornaloassobio.pt\/wp-content\/uploads\/2023\/12\/20231207_104451-1024x768.jpg 1024w, https:\/\/jornaloassobio.pt\/wp-content\/uploads\/2023\/12\/20231207_104451-768x576.jpg 768w, https:\/\/jornaloassobio.pt\/wp-content\/uploads\/2023\/12\/20231207_104451-1536x1152.jpg 1536w, https:\/\/jornaloassobio.pt\/wp-content\/uploads\/2023\/12\/20231207_104451-2048x1536.jpg 2048w\" sizes=\"auto, (max-width: 300px) 100vw, 300px\" \/><\/p>\n<p>Hoje, sim! Foi o dia de denunciar uma realidade muitas vezes escondida e tamb\u00e9m mitificada &#8211; a da viola\u00e7\u00e3o.<\/p>\n<p>No Audit\u00f3rio da Escola Secund\u00e1ria Severim de Faria, no dia 7 de dezembro de 2023, pelas 10 horas, realizou-se uma <em>performance<\/em> sobre o tema da viola\u00e7\u00e3o. Esta atua\u00e7\u00e3o contou com a dign\u00edssima presen\u00e7a de um Juiz do Minist\u00e9rio P\u00fablico em exerc\u00edcio, de uma Ju\u00edza aposentada, de um\u00a0 Procurador do Minist\u00e9rio P\u00fablico aposentado e de duas Advogadas. Todas estas personalidades contracenaram com alunos dos Cursos Profissionais e com os professores Manuela Ramalho e V\u00edtor Rosa.<\/p>\n<p>O p\u00fablico presente mostrou-se bastante interessado\u00a0 e atento e, no final do &#8220;julgamento&#8221;, foi-lhe atribu\u00edda uma importante miss\u00e3o: decidir qual a pena a aplicar ao arguido.<\/p>\n<p>&nbsp;<\/p>\n<p><img loading=\"lazy\" decoding=\"async\" class=\"size-medium wp-image-799 aligncenter\" src=\"https:\/\/jornaloassobio.pt\/wp-content\/uploads\/2023\/12\/20231207_113409-300x225.jpg\" alt=\"\" width=\"300\" height=\"225\" srcset=\"https:\/\/jornaloassobio.pt\/wp-content\/uploads\/2023\/12\/20231207_113409-300x225.jpg 300w, https:\/\/jornaloassobio.pt\/wp-content\/uploads\/2023\/12\/20231207_113409-1024x768.jpg 1024w, https:\/\/jornaloassobio.pt\/wp-content\/uploads\/2023\/12\/20231207_113409-768x576.jpg 768w, https:\/\/jornaloassobio.pt\/wp-content\/uploads\/2023\/12\/20231207_113409-1536x1152.jpg 1536w, https:\/\/jornaloassobio.pt\/wp-content\/uploads\/2023\/12\/20231207_113409-2048x1536.jpg 2048w\" sizes=\"auto, (max-width: 300px) 100vw, 300px\" \/><\/p>\n        <div class=\"booster-block booster-reactions-block\">\r\n            <div class=\"twp-reactions-icons\">\r\n                \r\n                <div class=\"twp-reacts-wrap\">\r\n                    <a react-data=\"be-react-1\" post-id=\"795\" class=\"be-face-icons un-reacted\" href=\"javascript:void(0)\">\r\n                        <img decoding=\"async\" src=\"https:\/\/jornaloassobio.pt\/wp-content\/plugins\/booster-extension\/\/assets\/icon\/happy.svg\" alt=\"Happy\">\r\n                    <\/a>\r\n                    <div class=\"twp-reaction-title\">\r\n                        Happy                    <\/div>\r\n                    <div class=\"twp-count-percent\">\r\n                                                    <span style=\"display: none;\" class=\"twp-react-count\">0<\/span>\r\n                        \r\n                                                <span class=\"twp-react-percent\"><span>0<\/span> %<\/span>\r\n                                            <\/div>\r\n                <\/div>\r\n\r\n                <div class=\"twp-reacts-wrap\">\r\n                    <a react-data=\"be-react-2\" post-id=\"795\" class=\"be-face-icons un-reacted\" href=\"javascript:void(0)\">\r\n                        <img decoding=\"async\" src=\"https:\/\/jornaloassobio.pt\/wp-content\/plugins\/booster-extension\/\/assets\/icon\/sad.svg\" alt=\"Sad\">\r\n                    <\/a>\r\n                    <div class=\"twp-reaction-title\">\r\n                        Sad                    <\/div>\r\n                    <div class=\"twp-count-percent\">\r\n                                                    <span style=\"display: none;\" class=\"twp-react-count\">0<\/span>\r\n                                                                        <span class=\"twp-react-percent\"><span>0<\/span> %<\/span>\r\n                                            <\/div>\r\n                <\/div>\r\n\r\n                <div class=\"twp-reacts-wrap\">\r\n                    <a react-data=\"be-react-3\" post-id=\"795\" class=\"be-face-icons un-reacted\" href=\"javascript:void(0)\">\r\n                        <img decoding=\"async\" src=\"https:\/\/jornaloassobio.pt\/wp-content\/plugins\/booster-extension\/\/assets\/icon\/excited.svg\" alt=\"Excited\">\r\n                    <\/a>\r\n                    <div class=\"twp-reaction-title\">\r\n                        Excited                    <\/div>\r\n                    <div class=\"twp-count-percent\">\r\n                                                    <span style=\"display: none;\" class=\"twp-react-count\">0<\/span>\r\n                                                                        <span class=\"twp-react-percent\"><span>0<\/span> %<\/span>\r\n                                            <\/div>\r\n                <\/div>\r\n\r\n                <div class=\"twp-reacts-wrap\">\r\n                    <a react-data=\"be-react-6\" post-id=\"795\" class=\"be-face-icons un-reacted\" href=\"javascript:void(0)\">\r\n                        <img decoding=\"async\" src=\"https:\/\/jornaloassobio.pt\/wp-content\/plugins\/booster-extension\/\/assets\/icon\/sleepy.svg\" alt=\"Sleepy\">\r\n                    <\/a>\r\n                    <div class=\"twp-reaction-title\">\r\n                        Sleepy                    <\/div>\r\n                    <div class=\"twp-count-percent\">\r\n                                                    <span style=\"display: none;\" class=\"twp-react-count\">0<\/span>\r\n                        \r\n                                                <span class=\"twp-react-percent\"><span>0<\/span> %<\/span>\r\n                                            <\/div>\r\n                <\/div>\r\n\r\n                <div class=\"twp-reacts-wrap\">\r\n                    <a react-data=\"be-react-4\" post-id=\"795\" class=\"be-face-icons un-reacted\" href=\"javascript:void(0)\">\r\n                        <img decoding=\"async\" src=\"https:\/\/jornaloassobio.pt\/wp-content\/plugins\/booster-extension\/\/assets\/icon\/angry.svg\" alt=\"Angry\">\r\n                    <\/a>\r\n                    <div class=\"twp-reaction-title\">Angry<\/div>\r\n                    <div class=\"twp-count-percent\">\r\n                                                    <span style=\"display: none;\" class=\"twp-react-count\">0<\/span>\r\n                                                                        <span class=\"twp-react-percent\"><span>0<\/span> %<\/span>\r\n                        \r\n                    <\/div>\r\n                <\/div>\r\n\r\n                <div class=\"twp-reacts-wrap\">\r\n                    <a react-data=\"be-react-5\" post-id=\"795\" class=\"be-face-icons un-reacted\" href=\"javascript:void(0)\">\r\n                        <img decoding=\"async\" src=\"https:\/\/jornaloassobio.pt\/wp-content\/plugins\/booster-extension\/\/assets\/icon\/surprise.svg\" alt=\"Surprise\">\r\n                    <\/a>\r\n                    <div class=\"twp-reaction-title\">Surprise<\/div>\r\n                    <div class=\"twp-count-percent\">\r\n                                                    <span style=\"display: none;\" class=\"twp-react-count\">0<\/span>\r\n                                                                        <span class=\"twp-react-percent\"><span>0<\/span> %<\/span>\r\n                                            <\/div>\r\n                <\/div>\r\n\r\n            <\/div>\r\n        <\/div>\r\n\r\n    ","protected":false},"excerpt":{"rendered":"<p>\u00a0 Hoje, sim! Foi o dia de denunciar uma realidade muitas vezes escondida e tamb\u00e9m mitificada &#8211; a da viola\u00e7\u00e3o. No Audit\u00f3rio da Escola Secund\u00e1ria Severim de Faria, no dia 7 de dezembro de 2023, pelas 10 horas, realizou-se uma performance sobre o tema da viola\u00e7\u00e3o. Esta atua\u00e7\u00e3o contou com a dign\u00edssima presen\u00e7a de um [&hellip;]<\/p>\n","protected":false},"author":6,"featured_media":798,"comment_status":"open","ping_status":"open","sticky":false,"template":"","format":"standard","meta":{"footnotes":""},"categories":[4],"tags":[],"class_list":["post-795","post","type-post","status-publish","format-standard","has-post-thumbnail","hentry","category-noticias"],"_links":{"self":[{"href":"https:\/\/jornaloassobio.pt\/index.php?rest_route=\/wp\/v2\/posts\/795","targetHints":{"allow":["GET"]}}],"collection":[{"href":"https:\/\/jornaloassobio.pt\/index.php?rest_route=\/wp\/v2\/posts"}],"about":[{"href":"https:\/\/jornaloassobio.pt\/index.php?rest_route=\/wp\/v2\/types\/post"}],"author":[{"embeddable":true,"href":"https:\/\/jornaloassobio.pt\/index.php?rest_route=\/wp\/v2\/users\/6"}],"replies":[{"embeddable":true,"href":"https:\/\/jornaloassobio.pt\/index.php?rest_route=%2Fwp%2Fv2%2Fcomments&post=795"}],"version-history":[{"count":8,"href":"https:\/\/jornaloassobio.pt\/index.php?rest_route=\/wp\/v2\/posts\/795\/revisions"}],"predecessor-version":[{"id":837,"href":"https:\/\/jornaloassobio.pt\/index.php?rest_route=\/wp\/v2\/posts\/795\/revisions\/837"}],"wp:featuredmedia":[{"embeddable":true,"href":"https:\/\/jornaloassobio.pt\/index.php?rest_route=\/wp\/v2\/media\/798"}],"wp:attachment":[{"href":"https:\/\/jornaloassobio.pt\/index.php?rest_route=%2Fwp%2Fv2%2Fmedia&parent=795"}],"wp:term":[{"taxonomy":"category","embeddable":true,"href":"https:\/\/jornaloassobio.pt\/index.php?rest_route=%2Fwp%2Fv2%2Fcategories&post=795"},{"taxonomy":"post_tag","embeddable":true,"href":"https:\/\/jornaloassobio.pt\/index.php?rest_route=%2Fwp%2Fv2%2Ftags&post=795"}],"curies":[{"name":"wp","href":"https:\/\/api.w.org\/{rel}","templated":true}]}}