{"id":881,"date":"2023-12-15T12:11:50","date_gmt":"2023-12-15T12:11:50","guid":{"rendered":"https:\/\/jornaloassobio.pt\/?p=881"},"modified":"2023-12-15T12:53:40","modified_gmt":"2023-12-15T12:53:40","slug":"premio-pessoa-2023-tolentino-mendonca","status":"publish","type":"post","link":"https:\/\/jornaloassobio.pt\/?p=881","title":{"rendered":"PARAB\u00c9NS A TOLENTINO MENDON\u00c7A &#8211; PR\u00c9MIO PESSOA 2023"},"content":{"rendered":"<div class='booster-block booster-read-block'>\r\n                <div class=\"twp-read-time\">\r\n                \t<i class=\"booster-icon twp-clock\"><\/i> <span>Read Time:<\/span>3 Minute, 10 Second                <\/div>\r\n\r\n            <\/div><header id=\"story-header\" class=\"story__header\">\n<h4><strong>No dia 14 de Dezembro, o Pr\u00e9mio Pessoa de 2023 foi atribu\u00eddo a uma figura \u00edmpar da cultura e da igreja portuguesa &#8211; o Cardeal D. Jos\u00e9 Tolentino Mendon\u00e7a.<\/strong><\/h4>\n<h4>O an\u00fancio do pr\u00e9mio foi efetuado n<strong>o Pal\u00e1cio de Seteais, em Sintra, por Francisco Pinto Balsem\u00e3o, que presidiu ao j\u00fari.<\/strong><\/h4>\n<h4 class=\"story__header-inner\"><strong><span style=\"font-size: 16px;\">\u201cAl\u00e9m das suas fun\u00e7\u00f5es eclesi\u00e1sticas e pastorais, Jos\u00e9 Tolentino Mendon\u00e7a tem-se destacado no ensino universit\u00e1rio, no ensaio de reflex\u00e3o teol\u00f3gica filos\u00f3fica e na poesia\u201d, considerou o j\u00fari.<\/span><\/strong><\/h4>\n<h4><strong>O Pr\u00e9mio Pessoa \u00e9 atribu\u00eddo anualmente a uma personalidade que \u201ctiver sido protagonista de uma interven\u00e7\u00e3o particularmente relevante e inovadora na vida art\u00edstica, liter\u00e1ria ou cient\u00edfica do pa\u00eds\u201d.<\/strong><\/h4>\n<h4>Da Madeira, onde nasceu no dia 15 de Dezembro de 1965, no concelho do Machico , at\u00e9 It\u00e1lia, onde se encontra atualmente, o percurso do Cardeal, que recebeu o pr\u00e9mio ainda com\u00a0 57 anos, foi pautado pela excecionalidade.<\/h4>\n<h4>Poeta, sacerdote e professor, estudou Ci\u00eancias B\u00edblicas em Roma e vive no Vaticano desde 2018.<\/h4>\n<h4>Em 2019, foi nomeado Cardeal pelo Papa Francisco e em 2022 foi anunciado como Prefeito do novo Dicast\u00e9rio para a Cultura e a Educa\u00e7\u00e3o da Santa S\u00e9.<\/h4>\n<p><strong>Atualmente, ocupa as fun\u00e7\u00f5es de Arquivista e Bibliotec\u00e1rio na Biblioteca do Vaticano, em Roma.\u00a0<\/strong><\/p>\n<figure class=\"story__media story__media media media--image media--action\" data-media-action=\"modal\" aria-label=\"media\">\n<div class=\"flex-media camera\">\n<p><img decoding=\"async\" class=\"lazyautosizes lazyloaded aligncenter\" src=\"https:\/\/imagens.publico.pt\/imagens.aspx\/1866862?tp=UH&amp;db=IMAGENS&amp;type=JPG&amp;w=320&amp;act=resize\" sizes=\"692px\" srcset=\" https:\/\/imagens.publico.pt\/imagens.aspx\/1866862?tp=UH&amp;db=IMAGENS&amp;type=JPG&amp;w=2048&amp;act=resize 2048w, https:\/\/imagens.publico.pt\/imagens.aspx\/1866862?tp=UH&amp;db=IMAGENS&amp;type=JPG&amp;w=1800&amp;act=resize 1800w, https:\/\/imagens.publico.pt\/imagens.aspx\/1866862?tp=UH&amp;db=IMAGENS&amp;type=JPG&amp;w=1600&amp;act=resize 1600w, https:\/\/imagens.publico.pt\/imagens.aspx\/1866862?tp=UH&amp;db=IMAGENS&amp;type=JPG&amp;w=1400&amp;act=resize 1400w, https:\/\/imagens.publico.pt\/imagens.aspx\/1866862?tp=UH&amp;db=IMAGENS&amp;type=JPG&amp;w=1280&amp;act=resize 1280w, https:\/\/imagens.publico.pt\/imagens.aspx\/1866862?tp=UH&amp;db=IMAGENS&amp;type=JPG&amp;w=1024&amp;act=resize 1024w, https:\/\/imagens.publico.pt\/imagens.aspx\/1866862?tp=UH&amp;db=IMAGENS&amp;type=JPG&amp;w=768&amp;act=resize 768w, https:\/\/imagens.publico.pt\/imagens.aspx\/1866862?tp=UH&amp;db=IMAGENS&amp;type=JPG&amp;w=640&amp;act=resize 640w, https:\/\/imagens.publico.pt\/imagens.aspx\/1866862?tp=UH&amp;db=IMAGENS&amp;type=JPG&amp;w=320&amp;act=resize 320w \" data-src=\"https:\/\/imagens.publico.pt\/imagens.aspx\/1866862?tp=UH&amp;db=IMAGENS&amp;type=JPG&amp;w=320&amp;act=resize\" data-media-size=\"2048x1365\" data-media-viewer=\"https:\/\/imagens.publico.pt\/imagens.aspx\/1866862?tp=UH&amp;db=IMAGENS&amp;type=JPG\" data-sizes=\"auto\" data-srcset=\" https:\/\/imagens.publico.pt\/imagens.aspx\/1866862?tp=UH&amp;db=IMAGENS&amp;type=JPG&amp;w=2048&amp;act=resize 2048w, https:\/\/imagens.publico.pt\/imagens.aspx\/1866862?tp=UH&amp;db=IMAGENS&amp;type=JPG&amp;w=1800&amp;act=resize 1800w, https:\/\/imagens.publico.pt\/imagens.aspx\/1866862?tp=UH&amp;db=IMAGENS&amp;type=JPG&amp;w=1600&amp;act=resize 1600w, https:\/\/imagens.publico.pt\/imagens.aspx\/1866862?tp=UH&amp;db=IMAGENS&amp;type=JPG&amp;w=1400&amp;act=resize 1400w, https:\/\/imagens.publico.pt\/imagens.aspx\/1866862?tp=UH&amp;db=IMAGENS&amp;type=JPG&amp;w=1280&amp;act=resize 1280w, https:\/\/imagens.publico.pt\/imagens.aspx\/1866862?tp=UH&amp;db=IMAGENS&amp;type=JPG&amp;w=1024&amp;act=resize 1024w, https:\/\/imagens.publico.pt\/imagens.aspx\/1866862?tp=UH&amp;db=IMAGENS&amp;type=JPG&amp;w=768&amp;act=resize 768w, https:\/\/imagens.publico.pt\/imagens.aspx\/1866862?tp=UH&amp;db=IMAGENS&amp;type=JPG&amp;w=640&amp;act=resize 640w, https:\/\/imagens.publico.pt\/imagens.aspx\/1866862?tp=UH&amp;db=IMAGENS&amp;type=JPG&amp;w=320&amp;act=resize 320w \" \/><\/p>\n<div class=\"media-badge\"><span class=\"show-for-sr\">Foto<\/span><i class=\"i-expand\" aria-hidden=\"true\"><\/i><\/div>\n<\/div><figcaption class=\"caption caption--image\">Jos\u00e9 Tolentino Mendon\u00e7a\u00a0<span class=\"credit\">NUNO FERREIRA SANTOS<\/span><\/figcaption><\/figure>\n<\/header>\n<div id=\"story-body\" class=\"story__body\" data-ad-slots=\"36\" data-io-article-url=\"https:\/\/www.publico.pt\/2023\/12\/14\/culturaipsilon\/noticia\/jose-tolentino-mendonca-premio-pessoa-2023-2073606\">\n<p>https:\/\/www.publico.pt\/2023\/12\/14\/culturaipsilon\/noticia\/jose-tolentino-mendonca-premio-pessoa-2023-2073606<\/p>\n<p>Notas biogr\u00e1ficas e bibliogr\u00e1ficas<\/p>\n<p>Poeta, sacerdote e professor, Jos\u00e9 Tolentino Mendon\u00e7a nasceu a 15 de Dezembro de 1965, em Machico, na Ilha da Madeira.<br \/>\nDoutorado em Teologia B\u00edblica, em Roma, volta para Lisboa e, nesta cidade, torna-se capel\u00e3o e docente da cadeira de Teologia B\u00edblica na Universidade Cat\u00f3lica, onde foi vice-reitor.<br \/>\nPadre desde os 24 anos de idade, Jos\u00e9 Tolentino Mendon\u00e7a afirma que a sua voca\u00e7\u00e3o religiosa \u201cfoi uma coisa da juventude, inconsequente, imprudente, inesperada, que eu procuro manter. Ser padre \u00e9 (\u2026) aceitar a pobreza como condi\u00e7\u00e3o. E a pobreza \u00e9 uma coisa chata de viver. \u00c9 achar que isso pode ser uma forma de dizer alguma coisa ao seu tempo. \u201c.<br \/>\nOcupando j\u00e1 um lugar de destaque na poesia portuguesa contempor\u00e2nea, o autor, para quem \u201cA poesia \u00e9 a arte de resistir ao seu tempo\u201d, integrou uma delega\u00e7\u00e3o que representou Portugal, ent\u00e3o pa\u00eds homenageado, em 1999, na 9.\u00aa Bienal Internacional do livro do Rio de Janeiro, ao lado de uma pl\u00eaiade conceituada de escritores e poetas portugueses. Este prest\u00edgio foi legitimado atrav\u00e9s da escolha do seu nome para fazer parte de uma antologia de poetas portugueses, da responsabilidade da Lacerda Editores. Organizada por Alberto da Costa e Silva e Alexei Rueno, esta obra intitulada \u201cPanorama da Moderna Poesia Portuguesa\u201d, re\u00fane 72 poetas modernos consagrados, nomeadamente Jorge Sena, Nuno J\u00fadice e Fernando Pinto do Amaral.<br \/>\nEm 2000, fez a apresenta\u00e7\u00e3o da reedi\u00e7\u00e3o do livro O Pobre Tolo de Teixeira de Pascoaes, escritor falecido em 1952 e de quem Tolentino Mendon\u00e7a dizia ser \u201cuma figura de fronteira na paisagem mental do s\u00e9culo portugu\u00eas \u201c.<br \/>\nEditou o seu primeiro livro de poesia Os Dias Contados em 1990 e, desde ent\u00e3o, tem diversificado a sua obra como poeta, ensa\u00edsta e tradutor. Na sua \u00faltima obra O Pequeno Caminho das Grandes Perguntas num registo de pergunta e resposta, e, muitas vezes, como \u00e9 marca do autor, cruzando impress\u00f5es deixadas por livros, filmes ou momentos, Tolentino Mendon\u00e7a oferece ao leitor uma obra de uma delicadeza superior, um amigo a que se recorre, e que simultaneamente convoca para a reflex\u00e3o e para o contacto pr\u00f3ximo com a f\u00e9 e com Deus no quotidiano.<br \/>\nFoi, em 2018, escolhido para orientar retiro de Quaresma de Sua Santidade o Papa Francisco, com as suas reflex\u00f5es subordinadas ao tema \u201cO Elogio da Sede\u201d.<\/p>\n<p>https:\/\/www.fnac.pt\/Jose-Tolentino-Mendonca\/ia97116\/biografia<\/p>\n<p>Para visualizar as obras do autor podem aceder ao seguinte endere\u00e7o :<\/p>\n<p>https:\/\/www.wook.pt\/autor\/jose-tolentino-mendonca\/2332<\/p>\n<\/div>\n        <div class=\"booster-block booster-reactions-block\">\r\n            <div class=\"twp-reactions-icons\">\r\n                \r\n                <div class=\"twp-reacts-wrap\">\r\n                    <a react-data=\"be-react-1\" post-id=\"881\" class=\"be-face-icons un-reacted\" href=\"javascript:void(0)\">\r\n                        <img decoding=\"async\" src=\"https:\/\/jornaloassobio.pt\/wp-content\/plugins\/booster-extension\/\/assets\/icon\/happy.svg\" alt=\"Happy\">\r\n                    <\/a>\r\n                    <div class=\"twp-reaction-title\">\r\n                        Happy                    <\/div>\r\n                    <div class=\"twp-count-percent\">\r\n                                                    <span style=\"display: none;\" class=\"twp-react-count\">0<\/span>\r\n                        \r\n                                                <span class=\"twp-react-percent\"><span>0<\/span> %<\/span>\r\n                                            <\/div>\r\n                <\/div>\r\n\r\n                <div class=\"twp-reacts-wrap\">\r\n                    <a react-data=\"be-react-2\" post-id=\"881\" class=\"be-face-icons un-reacted\" href=\"javascript:void(0)\">\r\n                        <img decoding=\"async\" src=\"https:\/\/jornaloassobio.pt\/wp-content\/plugins\/booster-extension\/\/assets\/icon\/sad.svg\" alt=\"Sad\">\r\n                    <\/a>\r\n                    <div class=\"twp-reaction-title\">\r\n                        Sad                    <\/div>\r\n                    <div class=\"twp-count-percent\">\r\n                                                    <span style=\"display: none;\" class=\"twp-react-count\">0<\/span>\r\n                                                                        <span class=\"twp-react-percent\"><span>0<\/span> %<\/span>\r\n                                            <\/div>\r\n                <\/div>\r\n\r\n                <div class=\"twp-reacts-wrap\">\r\n                    <a react-data=\"be-react-3\" post-id=\"881\" class=\"be-face-icons un-reacted\" href=\"javascript:void(0)\">\r\n                        <img decoding=\"async\" src=\"https:\/\/jornaloassobio.pt\/wp-content\/plugins\/booster-extension\/\/assets\/icon\/excited.svg\" alt=\"Excited\">\r\n                    <\/a>\r\n                    <div class=\"twp-reaction-title\">\r\n                        Excited                    <\/div>\r\n                    <div class=\"twp-count-percent\">\r\n                                                    <span style=\"display: none;\" class=\"twp-react-count\">0<\/span>\r\n                                                                        <span class=\"twp-react-percent\"><span>0<\/span> %<\/span>\r\n                                            <\/div>\r\n                <\/div>\r\n\r\n                <div class=\"twp-reacts-wrap\">\r\n                    <a react-data=\"be-react-6\" post-id=\"881\" class=\"be-face-icons un-reacted\" href=\"javascript:void(0)\">\r\n                        <img decoding=\"async\" src=\"https:\/\/jornaloassobio.pt\/wp-content\/plugins\/booster-extension\/\/assets\/icon\/sleepy.svg\" alt=\"Sleepy\">\r\n                    <\/a>\r\n                    <div class=\"twp-reaction-title\">\r\n                        Sleepy                    <\/div>\r\n                    <div class=\"twp-count-percent\">\r\n                                                    <span style=\"display: none;\" class=\"twp-react-count\">0<\/span>\r\n                        \r\n                                                <span class=\"twp-react-percent\"><span>0<\/span> %<\/span>\r\n                                            <\/div>\r\n                <\/div>\r\n\r\n                <div class=\"twp-reacts-wrap\">\r\n                    <a react-data=\"be-react-4\" post-id=\"881\" class=\"be-face-icons un-reacted\" href=\"javascript:void(0)\">\r\n                        <img decoding=\"async\" src=\"https:\/\/jornaloassobio.pt\/wp-content\/plugins\/booster-extension\/\/assets\/icon\/angry.svg\" alt=\"Angry\">\r\n                    <\/a>\r\n                    <div class=\"twp-reaction-title\">Angry<\/div>\r\n                    <div class=\"twp-count-percent\">\r\n                                                    <span style=\"display: none;\" class=\"twp-react-count\">0<\/span>\r\n                                                                        <span class=\"twp-react-percent\"><span>0<\/span> %<\/span>\r\n                        \r\n                    <\/div>\r\n                <\/div>\r\n\r\n                <div class=\"twp-reacts-wrap\">\r\n                    <a react-data=\"be-react-5\" post-id=\"881\" class=\"be-face-icons un-reacted\" href=\"javascript:void(0)\">\r\n                        <img decoding=\"async\" src=\"https:\/\/jornaloassobio.pt\/wp-content\/plugins\/booster-extension\/\/assets\/icon\/surprise.svg\" alt=\"Surprise\">\r\n                    <\/a>\r\n                    <div class=\"twp-reaction-title\">Surprise<\/div>\r\n                    <div class=\"twp-count-percent\">\r\n                                                    <span style=\"display: none;\" class=\"twp-react-count\">0<\/span>\r\n                                                                        <span class=\"twp-react-percent\"><span>0<\/span> %<\/span>\r\n                                            <\/div>\r\n                <\/div>\r\n\r\n            <\/div>\r\n        <\/div>\r\n\r\n    ","protected":false},"excerpt":{"rendered":"<p>No dia 14 de Dezembro, o Pr\u00e9mio Pessoa de 2023 foi atribu\u00eddo a uma figura \u00edmpar da cultura e da igreja portuguesa &#8211; o Cardeal D. Jos\u00e9 Tolentino Mendon\u00e7a. O an\u00fancio do pr\u00e9mio foi efetuado no Pal\u00e1cio de Seteais, em Sintra, por Francisco Pinto Balsem\u00e3o, que presidiu ao j\u00fari. \u201cAl\u00e9m das suas fun\u00e7\u00f5es eclesi\u00e1sticas e [&hellip;]<\/p>\n","protected":false},"author":6,"featured_media":884,"comment_status":"open","ping_status":"open","sticky":false,"template":"","format":"standard","meta":{"footnotes":""},"categories":[4],"tags":[],"class_list":["post-881","post","type-post","status-publish","format-standard","has-post-thumbnail","hentry","category-noticias"],"_links":{"self":[{"href":"https:\/\/jornaloassobio.pt\/index.php?rest_route=\/wp\/v2\/posts\/881","targetHints":{"allow":["GET"]}}],"collection":[{"href":"https:\/\/jornaloassobio.pt\/index.php?rest_route=\/wp\/v2\/posts"}],"about":[{"href":"https:\/\/jornaloassobio.pt\/index.php?rest_route=\/wp\/v2\/types\/post"}],"author":[{"embeddable":true,"href":"https:\/\/jornaloassobio.pt\/index.php?rest_route=\/wp\/v2\/users\/6"}],"replies":[{"embeddable":true,"href":"https:\/\/jornaloassobio.pt\/index.php?rest_route=%2Fwp%2Fv2%2Fcomments&post=881"}],"version-history":[{"count":9,"href":"https:\/\/jornaloassobio.pt\/index.php?rest_route=\/wp\/v2\/posts\/881\/revisions"}],"predecessor-version":[{"id":891,"href":"https:\/\/jornaloassobio.pt\/index.php?rest_route=\/wp\/v2\/posts\/881\/revisions\/891"}],"wp:featuredmedia":[{"embeddable":true,"href":"https:\/\/jornaloassobio.pt\/index.php?rest_route=\/wp\/v2\/media\/884"}],"wp:attachment":[{"href":"https:\/\/jornaloassobio.pt\/index.php?rest_route=%2Fwp%2Fv2%2Fmedia&parent=881"}],"wp:term":[{"taxonomy":"category","embeddable":true,"href":"https:\/\/jornaloassobio.pt\/index.php?rest_route=%2Fwp%2Fv2%2Fcategories&post=881"},{"taxonomy":"post_tag","embeddable":true,"href":"https:\/\/jornaloassobio.pt\/index.php?rest_route=%2Fwp%2Fv2%2Ftags&post=881"}],"curies":[{"name":"wp","href":"https:\/\/api.w.org\/{rel}","templated":true}]}}