{"id":91,"date":"2023-01-26T22:44:02","date_gmt":"2023-01-26T22:44:02","guid":{"rendered":"https:\/\/jornaloassobio.pt\/?p=91"},"modified":"2023-01-26T22:44:02","modified_gmt":"2023-01-26T22:44:02","slug":"vamos-ajudar-as-familias-na-eb1-de-sao-mamede","status":"publish","type":"post","link":"https:\/\/jornaloassobio.pt\/?p=91","title":{"rendered":"Vamos ajudar as fam\u00edlias na EB1 de S\u00e3o Mamede"},"content":{"rendered":"<div class='booster-block booster-read-block'>\r\n                <div class=\"twp-read-time\">\r\n                \t<i class=\"booster-icon twp-clock\"><\/i> <span>Read Time:<\/span>1 Minute, 23 Second                <\/div>\r\n\r\n            <\/div><p style=\"font-weight: 400;\">Fam\u00edlias e alunos das turmas de 1\u00ba, 2\u00ba, 3\u00ba e 4\u00ba ano de S\u00e3o Mamede partiram do projeto solid\u00e1rio &#8220;Viver a Solidariedade na EB1 de S\u00e3o Mamede.<\/p>\n<p style=\"font-weight: 400;\">O projeto tem como objetivo ensinar solidariedade para crian\u00e7as como uma maneira de ter, no futuro, cidad\u00e3os mais humanos e cientes de suas responsabilidades com os outros.<\/p>\n<p style=\"font-weight: 400;\">Por isso, desde cedo, pais e educadores devem trazer esse conceito para a vida da crian\u00e7a, como algo natural de ser praticado. Desde pequenos j\u00e1 come\u00e7am a se mentalizar sobre o pr\u00f3ximo. A\u00e7\u00f5es como colabora\u00e7\u00e3o, ajuda e partilha tendem a ficar mais claras na sua cabe\u00e7a. Por isso, quanto antes a solidariedade fizer parte de suas vidas, melhor o mundo estar\u00e1 no futuro.<\/p>\n<p style=\"font-weight: 400;\">Objetivos do projeto:<\/p>\n<ul>\n<li style=\"font-weight: 400;\">Promover as aprendizagens que possibilitem ao aluno ser um verdadeiro cidad\u00e3o;<\/li>\n<li style=\"font-weight: 400;\">Transdisciplinaridade e envolv\u00eancia dos alunos, fam\u00edlia comunidade e escola noprojeto;<\/li>\n<li style=\"font-weight: 400;\">Proporcionar aos alunos atividades diferenciadas;<\/li>\n<li style=\"font-weight: 400;\">Desenvolver capacidades e conhecimentos relativos ao ser solid\u00e1rio;<\/li>\n<li style=\"font-weight: 400;\">Desenvolver capacidades de inova\u00e7\u00e3o e ajuda ao outro.<\/li>\n<\/ul>\n<p style=\"font-weight: 400;\">Durante o 1\u00ba per\u00edodo os alunos da EB1 de S\u00e3o Mamede contribu\u00edram com bens alimentares, mantas, len\u00e7\u00f3is, roupas, sapatos e brinquedos para ajudar as fam\u00edlias da nossa escola que mais precisam. Ap\u00f3s um levantamento das fam\u00edlias necessitadas, as professoras de todas as turmas participaram ativamente no projeto.<\/p>\n<p style=\"font-weight: 400;\">Este ser\u00e1 um projeto que ter\u00e1 continuidade ao longo dos per\u00edodos e no final de cada per\u00edodo ser\u00e1 entregue \u00e0s fam\u00edlias mais necessitadas tudo o que foi angariado ao longo do per\u00edodo. No final deste 1\u00ba per\u00edodo a empresa REVENDEDORA de \u00c9vora ajudou no transporte e entrega dos materiais e bens alimentares \u00e0s fam\u00edlias, com o objetivo de manter em sigilo e proteger um pouco essas fam\u00edlias.<\/p>\n        <div class=\"booster-block booster-reactions-block\">\r\n            <div class=\"twp-reactions-icons\">\r\n                \r\n                <div class=\"twp-reacts-wrap\">\r\n                    <a react-data=\"be-react-1\" post-id=\"91\" class=\"be-face-icons un-reacted\" href=\"javascript:void(0)\">\r\n                        <img decoding=\"async\" src=\"https:\/\/jornaloassobio.pt\/wp-content\/plugins\/booster-extension\/\/assets\/icon\/happy.svg\" alt=\"Happy\">\r\n                    <\/a>\r\n                    <div class=\"twp-reaction-title\">\r\n                        Happy                    <\/div>\r\n                    <div class=\"twp-count-percent\">\r\n                                                    <span style=\"display: none;\" class=\"twp-react-count\">0<\/span>\r\n                        \r\n                                                <span class=\"twp-react-percent\"><span>0<\/span> %<\/span>\r\n                                            <\/div>\r\n                <\/div>\r\n\r\n                <div class=\"twp-reacts-wrap\">\r\n                    <a react-data=\"be-react-2\" post-id=\"91\" class=\"be-face-icons un-reacted\" href=\"javascript:void(0)\">\r\n                        <img decoding=\"async\" src=\"https:\/\/jornaloassobio.pt\/wp-content\/plugins\/booster-extension\/\/assets\/icon\/sad.svg\" alt=\"Sad\">\r\n                    <\/a>\r\n                    <div class=\"twp-reaction-title\">\r\n                        Sad                    <\/div>\r\n                    <div class=\"twp-count-percent\">\r\n                                                    <span style=\"display: none;\" class=\"twp-react-count\">0<\/span>\r\n                                                                        <span class=\"twp-react-percent\"><span>0<\/span> %<\/span>\r\n                                            <\/div>\r\n                <\/div>\r\n\r\n                <div class=\"twp-reacts-wrap\">\r\n                    <a react-data=\"be-react-3\" post-id=\"91\" class=\"be-face-icons un-reacted\" href=\"javascript:void(0)\">\r\n                        <img decoding=\"async\" src=\"https:\/\/jornaloassobio.pt\/wp-content\/plugins\/booster-extension\/\/assets\/icon\/excited.svg\" alt=\"Excited\">\r\n                    <\/a>\r\n                    <div class=\"twp-reaction-title\">\r\n                        Excited                    <\/div>\r\n                    <div class=\"twp-count-percent\">\r\n                                                    <span style=\"display: none;\" class=\"twp-react-count\">0<\/span>\r\n                                                                        <span class=\"twp-react-percent\"><span>0<\/span> %<\/span>\r\n                                            <\/div>\r\n                <\/div>\r\n\r\n                <div class=\"twp-reacts-wrap\">\r\n                    <a react-data=\"be-react-6\" post-id=\"91\" class=\"be-face-icons un-reacted\" href=\"javascript:void(0)\">\r\n                        <img decoding=\"async\" src=\"https:\/\/jornaloassobio.pt\/wp-content\/plugins\/booster-extension\/\/assets\/icon\/sleepy.svg\" alt=\"Sleepy\">\r\n                    <\/a>\r\n                    <div class=\"twp-reaction-title\">\r\n                        Sleepy                    <\/div>\r\n                    <div class=\"twp-count-percent\">\r\n                                                    <span style=\"display: none;\" class=\"twp-react-count\">0<\/span>\r\n                        \r\n                                                <span class=\"twp-react-percent\"><span>0<\/span> %<\/span>\r\n                                            <\/div>\r\n                <\/div>\r\n\r\n                <div class=\"twp-reacts-wrap\">\r\n                    <a react-data=\"be-react-4\" post-id=\"91\" class=\"be-face-icons un-reacted\" href=\"javascript:void(0)\">\r\n                        <img decoding=\"async\" src=\"https:\/\/jornaloassobio.pt\/wp-content\/plugins\/booster-extension\/\/assets\/icon\/angry.svg\" alt=\"Angry\">\r\n                    <\/a>\r\n                    <div class=\"twp-reaction-title\">Angry<\/div>\r\n                    <div class=\"twp-count-percent\">\r\n                                                    <span style=\"display: none;\" class=\"twp-react-count\">0<\/span>\r\n                                                                        <span class=\"twp-react-percent\"><span>0<\/span> %<\/span>\r\n                        \r\n                    <\/div>\r\n                <\/div>\r\n\r\n                <div class=\"twp-reacts-wrap\">\r\n                    <a react-data=\"be-react-5\" post-id=\"91\" class=\"be-face-icons un-reacted\" href=\"javascript:void(0)\">\r\n                        <img decoding=\"async\" src=\"https:\/\/jornaloassobio.pt\/wp-content\/plugins\/booster-extension\/\/assets\/icon\/surprise.svg\" alt=\"Surprise\">\r\n                    <\/a>\r\n                    <div class=\"twp-reaction-title\">Surprise<\/div>\r\n                    <div class=\"twp-count-percent\">\r\n                                                    <span style=\"display: none;\" class=\"twp-react-count\">0<\/span>\r\n                                                                        <span class=\"twp-react-percent\"><span>0<\/span> %<\/span>\r\n                                            <\/div>\r\n                <\/div>\r\n\r\n            <\/div>\r\n        <\/div>\r\n\r\n    ","protected":false},"excerpt":{"rendered":"<p>Fam\u00edlias e alunos das turmas de 1\u00ba, 2\u00ba, 3\u00ba e 4\u00ba ano de S\u00e3o Mamede partiram do projeto solid\u00e1rio &#8220;Viver a Solidariedade na EB1 de S\u00e3o Mamede. O projeto tem como objetivo ensinar solidariedade para crian\u00e7as como uma maneira de ter, no futuro, cidad\u00e3os mais humanos e cientes de suas responsabilidades com os outros. Por [&hellip;]<\/p>\n","protected":false},"author":2,"featured_media":92,"comment_status":"open","ping_status":"open","sticky":false,"template":"","format":"standard","meta":{"footnotes":""},"categories":[6],"tags":[22],"class_list":["post-91","post","type-post","status-publish","format-standard","has-post-thumbnail","hentry","category-sociedade","tag-solidariedade-projetosocial-projetosolidario"],"_links":{"self":[{"href":"https:\/\/jornaloassobio.pt\/index.php?rest_route=\/wp\/v2\/posts\/91","targetHints":{"allow":["GET"]}}],"collection":[{"href":"https:\/\/jornaloassobio.pt\/index.php?rest_route=\/wp\/v2\/posts"}],"about":[{"href":"https:\/\/jornaloassobio.pt\/index.php?rest_route=\/wp\/v2\/types\/post"}],"author":[{"embeddable":true,"href":"https:\/\/jornaloassobio.pt\/index.php?rest_route=\/wp\/v2\/users\/2"}],"replies":[{"embeddable":true,"href":"https:\/\/jornaloassobio.pt\/index.php?rest_route=%2Fwp%2Fv2%2Fcomments&post=91"}],"version-history":[{"count":1,"href":"https:\/\/jornaloassobio.pt\/index.php?rest_route=\/wp\/v2\/posts\/91\/revisions"}],"predecessor-version":[{"id":93,"href":"https:\/\/jornaloassobio.pt\/index.php?rest_route=\/wp\/v2\/posts\/91\/revisions\/93"}],"wp:featuredmedia":[{"embeddable":true,"href":"https:\/\/jornaloassobio.pt\/index.php?rest_route=\/wp\/v2\/media\/92"}],"wp:attachment":[{"href":"https:\/\/jornaloassobio.pt\/index.php?rest_route=%2Fwp%2Fv2%2Fmedia&parent=91"}],"wp:term":[{"taxonomy":"category","embeddable":true,"href":"https:\/\/jornaloassobio.pt\/index.php?rest_route=%2Fwp%2Fv2%2Fcategories&post=91"},{"taxonomy":"post_tag","embeddable":true,"href":"https:\/\/jornaloassobio.pt\/index.php?rest_route=%2Fwp%2Fv2%2Ftags&post=91"}],"curies":[{"name":"wp","href":"https:\/\/api.w.org\/{rel}","templated":true}]}}